{"id":3805,"__str__":"Projeto de Lei n\u00ba 2421 de 2019","link_detail_backend":"/materia/3805","metadata":{},"numero":2421,"ano":2019,"numero_protocolo":41,"data_apresentacao":"2019-01-29","tipo_apresentacao":"E","data_publicacao":null,"numero_origem_externa":"","ano_origem_externa":null,"data_origem_externa":null,"apelido":"","dias_prazo":null,"data_fim_prazo":null,"em_tramitacao":false,"polemica":null,"objeto":"","complementar":null,"ementa":"Autoriza o Poder Executivo a abrir no or\u00e7amento vigente cr\u00e9dito adicional especial e da outras provid\u00eancias","indexacao":"","observacao":"A solicita\u00e7\u00e3o no valor de R$. 100.000,00 (Cem mil reais) se faz necess\u00e1rio para atender as necessidades da Secretaria Municipal de Assist\u00eancia Social \u2014 SEMAS \u2014para o chamamento p\u00fablico de associa\u00e7\u00f5es que prestam servi\u00e7os assistenciais aos idosos com moradia, alimenta\u00e7\u00e3o e cuidados especiais aos que n\u00e3o tem familiares que prestem assist\u00eancia. O recurso que era repassado pela Secretaria Municipal de Planejamento e Fazenda \u2014 SEMPLAF at\u00e9 o exerc\u00edcio de 2018, e que neste exerc\u00edcio est\u00e1 sendo transferido \u00e0 Secretaria Municipal de Assist\u00eancia Social \u2014 SEMAS, para proceder o referido chamamento.","resultado":"","texto_original":"http://sapl.ouropretodooeste.ro.leg.br/media/sapl/public/materialegislativa/2019/3805/pl_2421.pdf","data_ultima_atualizacao":"2019-10-11T12:09:56.349390-03:00","ip":"177.6.225.98","ultima_edicao":null,"tipo":1,"regime_tramitacao":2,"tipo_origem_externa":null,"local_origem_externa":null,"user":36,"anexadas":[3993],"autores":[36]}