{"id":3827,"__str__":"Projeto de Lei do Legislativo n\u00ba 644 de 2019","link_detail_backend":"/materia/3827","metadata":{},"numero":644,"ano":2019,"numero_protocolo":49,"data_apresentacao":"2019-02-06","tipo_apresentacao":"E","data_publicacao":null,"numero_origem_externa":"","ano_origem_externa":null,"data_origem_externa":null,"apelido":"","dias_prazo":null,"data_fim_prazo":null,"em_tramitacao":false,"polemica":null,"objeto":"","complementar":null,"ementa":"\"Institui e reconhece o Dia Municipal dos Clubes de Desbravadores da Igreja Adventista do S\u00e9timo Dia, no \u00e2mbito da Est\u00e2ncia Tur\u00edstica Ouro Preto do Oeste \u2014 RO\".","indexacao":"Institui reconhece Dia Clubes Desbravadores Igreja Adventista S\u00e9timo Dia","observacao":"A entidade aqui destacada tem por finalidade desenvolver um trabalho f\u00edsico, mental e espiritual com os jovens desbravadores que vibram com atividades ao ar livre. Gostam de acampamentos, caminhadas, escaladas, explora\u00e7\u00f5es nas mata e cavernas. Sabem cozinhar ao ar livre, fazendo fogo sem f\u00f3sforo. Demonstrando habilidades com disciplina, tendo a criatividade despertada pelas artes manuais. Envolve orienta\u00e7\u00e3o sobre sa\u00fade, conv\u00edvio social, familiar, religioso, consumo de fumo, drogas, \u00e1lcool, enfim, orienta os jovens a se comportarem de forma saud\u00e1vel na sociedade. Estamos falando dos Desbravadores da Igreja Adventista do S\u00e9timo Dia, que se constitui em um grupo formado por pessoas de todas as idades, que realizam programas direcionados aos adolescentes na faixa et\u00e1ria de 10 aos 15 anos, sem importar-se com sexo, ra\u00e7a, cor, religi\u00e3o ou nem mesmo sua condi\u00e7\u00e3o financeira, fator que consagra o primordial dos ensinamentos, que se define na prote\u00e7\u00e3o e guarida dos semelhantes.","resultado":"","texto_original":"http://sapl.ouropretodooeste.ro.leg.br/media/sapl/public/materialegislativa/2019/3827/pll_644.pdf","data_ultima_atualizacao":"2019-09-27T09:45:48.345228-03:00","ip":"","ultima_edicao":null,"tipo":11,"regime_tramitacao":1,"tipo_origem_externa":null,"local_origem_externa":null,"user":null,"anexadas":[],"autores":[23]}