{"id":3975,"__str__":"Projeto de Lei n\u00ba 2438 de 2019","link_detail_backend":"/materia/3975","metadata":{},"numero":2438,"ano":2019,"numero_protocolo":null,"data_apresentacao":"2019-03-26","tipo_apresentacao":"E","data_publicacao":null,"numero_origem_externa":"","ano_origem_externa":null,"data_origem_externa":null,"apelido":"","dias_prazo":null,"data_fim_prazo":null,"em_tramitacao":false,"polemica":null,"objeto":"","complementar":null,"ementa":"\"AUTORIZA A DESAFETA\u00c7\u00c3O DE \u00c1REA P\u00daBLICA URBANA (\u00c1REA 70.000,00 m\u00b2, LOTE 20, QUADRA 228, SETOR 02, E, D\u00c1 OUTRAS PROVID\u00caNCIAS.\"","indexacao":"\"AUTORIZA A DESAFETA\u00c7\u00c3O DE \u00c1REA P\u00daBLICA URBANA (\u00c1REA 70.000,00 m\u00b2, LOTE 20, QUADRA 228, SETOR 02, E, D\u00c1 OUTRAS PROVID\u00caNCIAS.\"","observacao":"Trata a presente mat\u00e9ria de proposta para Desafeta\u00e7\u00e3o da \u00e1rea de 70.000,00 m\u00b2 (setenta mil metros quadrados), Quadra 228 do setor 02, Lote 20, situado na Rua Perola do Mamor\u00e9, confronta\u00e7\u00e3o com o Lote 999 da CEPLAC, munic\u00edpio de Ouro Preto do Oeste-RO, conforme Matr\u00edcula n.8558, de 29 de setembro de 2004 do Of\u00edcio de Registro do Cart\u00f3rio de Im\u00f3veis desta Comarca as fls.2, Despacho do DCIE contendo todas as informa\u00e7\u00f5es sobre a \u00e1rea a ser Desafetada as fls.291, dos autos administrativo de n.381/2019, de acordo com a Planta e Memorial Descritivo, devidamente arquivados. O referido objetivo do Projeto de Desafeta\u00e7\u00e3o se destina para fim social de aproximadamente 228 (duzentos e vinte e oito) im\u00f3veis, todos ocupados por fam\u00edlias de baixa renda, com \u00e1rea toda edificada, com \u00d3rg\u00e3os P\u00fablicos como Escola, Creche Municipal e Pr\u00e9dio do CREA. Ainda o Munic\u00edpio conta com um grande n\u00famero de im\u00f3veis com ocupa\u00e7\u00e3o irregular no munic\u00edpio de Ouro Preto, faz-se necess\u00e1rio o reconhecimento da posse administrativa de im\u00f3veis onde est\u00e1 constatado que n\u00e3o h\u00e1 possibilidade de competi\u00e7\u00e3o toda vez que esses lotes estejam ocupados e edificados por terceiros, raz\u00e3o pela qual a licita\u00e7\u00e3o n\u00e3o seria vi\u00e1vel ao Munic\u00edpio em raz\u00e3o do tempo de ocupa\u00e7\u00e3o e benfeitorias existentes.","resultado":"","texto_original":"http://sapl.ouropretodooeste.ro.leg.br/media/sapl/public/materialegislativa/2019/3975/pl_2438.pdf","data_ultima_atualizacao":"2019-05-09T12:09:19.368670-03:00","ip":"","ultima_edicao":null,"tipo":1,"regime_tramitacao":8,"tipo_origem_externa":null,"local_origem_externa":null,"user":null,"anexadas":[4332],"autores":[36]}